{"id":6296,"__str__":"Requerimento n\u00ba 95 de 2020","link_detail_backend":"/materia/6296","metadata":{},"numero":95,"ano":2020,"numero_protocolo":904,"data_apresentacao":"2020-06-02","tipo_apresentacao":"E","data_publicacao":null,"numero_origem_externa":"","ano_origem_externa":null,"data_origem_externa":null,"apelido":"","dias_prazo":null,"data_fim_prazo":null,"em_tramitacao":true,"polemica":false,"objeto":"","complementar":false,"ementa":"Requeiro, na forma regimental vigente, ouvido o plen\u00e1rio,  a realiza\u00e7\u00e3o de audi\u00eancia p\u00fablica nesta quinta-feira (04), \u00e0s 19h, para debater os Impactos da Pandemia do Covid-19 na Regi\u00e3o Sudoeste.","indexacao":"","observacao":"","resultado":"","texto_original":"http://sapl.vitoriadaconquista.ba.leg.br/media/sapl/public/materialegislativa/2020/6296/requerimento_95-2020.pdf","data_ultima_atualizacao":"2020-06-09T11:23:16.145436-03:00","ip":"200.151.66.188","ultima_edicao":null,"tipo":14,"regime_tramitacao":1,"tipo_origem_externa":null,"local_origem_externa":null,"user":3,"anexadas":[],"autores":[63]}