{"id":5998,"__str__":"Indica\u00e7\u00e3o n\u00ba 322 de 2020","link_detail_backend":"/materia/5998","metadata":{},"numero":322,"ano":2020,"numero_protocolo":604,"data_apresentacao":"2020-04-27","tipo_apresentacao":"E","data_publicacao":null,"numero_origem_externa":"","ano_origem_externa":null,"data_origem_externa":null,"apelido":"","dias_prazo":null,"data_fim_prazo":null,"em_tramitacao":true,"polemica":false,"objeto":"","complementar":false,"ementa":"Indico a sua excel\u00eancia o Senhor Herzem Gusm\u00e3o, Prefeito, a Sua Senhoria Senhor Paulo Ricardo de Oliveira, Coordenador do Meio Ambiente, passar a m\u00e1quina e realizar a limpeza Geral e Ro\u00e7agem na Pra\u00e7a S\u00e3o Pedro, no Alto da Colina, em frente ao campo do Vasquinho.","indexacao":"","observacao":"","resultado":"","texto_original":"http://sapl.vitoriadaconquista.ba.leg.br/media/sapl/public/materialegislativa/2020/5998/praca_sao_pedro.docx","data_ultima_atualizacao":"2020-05-12T13:54:08.000788-03:00","ip":"187.68.201.58","ultima_edicao":null,"tipo":3,"regime_tramitacao":1,"tipo_origem_externa":null,"local_origem_externa":null,"user":4,"anexadas":[],"autores":[7]}