{"id":5938,"__str__":"Parecer n\u00ba 17 de 2020","link_detail_backend":"/materia/5938","metadata":{},"numero":17,"ano":2020,"numero_protocolo":542,"data_apresentacao":"2020-04-21","tipo_apresentacao":"E","data_publicacao":null,"numero_origem_externa":"","ano_origem_externa":null,"data_origem_externa":null,"apelido":"","dias_prazo":null,"data_fim_prazo":null,"em_tramitacao":false,"polemica":false,"objeto":"","complementar":false,"ementa":"PARECER FAVOR\u00c1VEL COM EMENDA MODIFICATIVA DA COMISS\u00c3O DE LEGISLA\u00c7\u00c3O, JUSTI\u00c7A E REDA\u00c7\u00c3O FINAL AO PROJETO DE LEI N\u00ba 59/2019, DE AUTORIA DA VEREADORA NILDIMA RIBEIRO, QUE CRIA A CARTEIRA DE IDENTIFICA\u00c7\u00c3O DO AUTISTA (CIA), PARA A PESSOA DIAGNOSTICADA COM TRANSTORNO DO ESPECTRO AUTISTA (TEA).","indexacao":"","observacao":"","resultado":"","texto_original":"http://sapl.vitoriadaconquista.ba.leg.br/media/sapl/public/materialegislativa/2020/5938/parecer_17_ao_pl_59-2019-l.pdf","data_ultima_atualizacao":"2022-10-11T10:17:11.153265-03:00","ip":"167.249.189.26","ultima_edicao":"2022-10-11T10:12:42.022898-03:00","tipo":9,"regime_tramitacao":1,"tipo_origem_externa":null,"local_origem_externa":null,"user":3,"anexadas":[],"autores":[62]}