{"id":23348,"__str__":"Indica\u00e7\u00e3o n\u00ba 642 de 2026","link_detail_backend":"/materia/23348","metadata":{},"numero":642,"ano":2026,"numero_protocolo":997,"data_apresentacao":"2026-04-27","tipo_apresentacao":"","data_publicacao":null,"numero_origem_externa":"","ano_origem_externa":null,"data_origem_externa":null,"apelido":"","dias_prazo":null,"data_fim_prazo":null,"em_tramitacao":false,"polemica":false,"objeto":"","complementar":false,"ementa":"Indico \u00e0 Excelent\u00edssima Senhora Prefeita Municipal de Vit\u00f3ria da Conquista, Sheila Lemos, e ao Ilustr\u00edssimo Senhor Secret\u00e1rio Municipal de Servi\u00e7os P\u00fablicos, Lu\u00eds Paulo Sousa, a realiza\u00e7\u00e3o de limpeza e ro\u00e7agem na Vila do Marqu\u00eas, nas seguintes vias: Avenida Central, Avenida C, Rua Radial Norte D e Pra\u00e7a da Quadra do Marqu\u00eas, neste munic\u00edpio.","indexacao":"","observacao":"","resultado":"","texto_original":"http://sapl.vitoriadaconquista.ba.leg.br/media/sapl/public/materialegislativa/2026/23348/indicacao_-_vila_do_marques.doc","data_ultima_atualizacao":"2026-04-29T12:52:20.386117-03:00","ip":"","ultima_edicao":null,"tipo":3,"regime_tramitacao":1,"tipo_origem_externa":null,"local_origem_externa":null,"user":null,"anexadas":[],"autores":[121]}