{"id":17261,"__str__":"Projeto de Lei Ordin\u00e1ria do Legislativo n\u00ba 166 de 2023","link_detail_backend":"/materia/17261","metadata":{},"numero":166,"ano":2023,"numero_protocolo":2935,"data_apresentacao":"2023-12-14","tipo_apresentacao":"O","data_publicacao":null,"numero_origem_externa":"","ano_origem_externa":null,"data_origem_externa":null,"apelido":"","dias_prazo":null,"data_fim_prazo":null,"em_tramitacao":true,"polemica":false,"objeto":"","complementar":false,"ementa":"PROJETO DE LEI ORDIN\u00c1RIA N\u00ba            /2023\r\nFixa os subs\u00eddios dos Vereadores do Munic\u00edpio de Vit\u00f3ria da Conquista  e d\u00e1 outras provid\u00eancias.","indexacao":"","observacao":"Proposi\u00e7\u00e3o inclusa oralmenta na sess\u00e3o do dia 13/12/2023.","resultado":"","texto_original":"http://sapl.vitoriadaconquista.ba.leg.br/media/sapl/public/materialegislativa/2023/17261/pl_166-2023.pdf","data_ultima_atualizacao":"2024-02-07T10:46:49.724939-03:00","ip":"167.249.189.26","ultima_edicao":"2024-02-07T10:46:48.833485-03:00","tipo":10,"regime_tramitacao":2,"tipo_origem_externa":null,"local_origem_externa":null,"user":74,"anexadas":[17341,17279],"autores":[63]}