{"id":15991,"__str__":"Projeto de Lei Ordin\u00e1ria do Executivo n\u00ba 17 de 2023","link_detail_backend":"/materia/15991","metadata":{"signs":{"texto_original":{"admin":[],"autores":[["Ana Sheila Lemos Andrade",["2023-07-12T14:38:42-03:00","ICP-Brasil"]]]}}},"numero":17,"ano":2023,"numero_protocolo":1669,"data_apresentacao":"2023-07-18","tipo_apresentacao":"E","data_publicacao":null,"numero_origem_externa":"","ano_origem_externa":null,"data_origem_externa":null,"apelido":"","dias_prazo":null,"data_fim_prazo":null,"em_tramitacao":true,"polemica":false,"objeto":"","complementar":false,"ementa":"MENSAGEM N\u00ba 29/2023 ao PL n\u00ba 17/2023- Institui o Programa Municipal de Habita\u00e7\u00e3o para o Servidor P\u00fablico de Vit\u00f3ria da Conquista\u2013 Bahia e d\u00e1 outras provid\u00eancias.","indexacao":"","observacao":"","resultado":"","texto_original":"http://sapl.vitoriadaconquista.ba.leg.br/media/sapl/public/materialegislativa/2023/15991/a_mensagem_no_29-2023_ao_pl_no_17-2023_-_programa_municipal_de_habitacao_para_o_servidor_publico_de_vitoria_da_conquista.pdf","data_ultima_atualizacao":"2023-10-04T10:27:34.792206-03:00","ip":"131.0.89.195","ultima_edicao":"2023-07-18T10:39:12.366169-03:00","tipo":19,"regime_tramitacao":1,"tipo_origem_externa":null,"local_origem_externa":null,"user":4,"anexadas":[16657],"autores":[102]}